{"id":8381,"date":"2023-11-27T10:02:11","date_gmt":"2023-11-27T09:02:11","guid":{"rendered":"https:\/\/www.lalupusinfabula.it\/?p=8381"},"modified":"2023-11-27T10:02:11","modified_gmt":"2023-11-27T09:02:11","slug":"monastero-trappista-il-re-e-nudo","status":"publish","type":"post","link":"https:\/\/www.lalupusinfabula.it\/?p=8381","title":{"rendered":"MONASTERO TRAPPISTA &#8211; Il Re \u00e8 nudo"},"content":{"rendered":"<p><strong>Comunicato stampa<\/strong><\/p>\n<p><strong>Il re \u00e8 nudo.<\/strong><\/p>\n<p><strong>Con quale faccia e credibilit\u00e0 le forze politiche (tutte, ad eccezione del M5S e di InComune) che pochi giorni fa hanno votato la variante a favore dei monaci trappisti o si sono astenute, potranno parlare di sviluppo sostenibile, di tutela della biodiversit\u00e0, di riduzione del consumo di suolo? Come potranno sostenere di fare gli interessi della comunit\u00e0 e di battersi per il bene comune? <\/strong><\/p>\n<p>La gravit\u00e0 di trasformare una zona agricola super vincolata in zona per attrezzature di interesse collettivo non \u00e8 solo per i metri cubi e metri quadri che si andranno a edificare per il nuovo monastero (fra l\u2019altro sopra dei resti di un luogo di culto del XI secolo) ma perch\u00e9 <strong>si \u00e8 violato il principio in vigore da oltre 60 anni secondo cui sulle colline di Fano nessuno poteva pi\u00f9 edificare <\/strong>a meno che il proponente fosse un imprenditore agricolo (L.R. 13\/1990). Il caso del trasferimento delle suore di Santa Teresa a Sant\u2019Andrea in Villis, checch\u00e9 ne dica Fanesi, \u00e8 diverso perch\u00e9 si \u00e8 trattato solo di un ampliamento di una struttura ecclesiastica esistente. <strong>Ora invece \u00e8 stata fatta una variante ad personam, per compiacere il mondo della chiesa cattolica, in assenza di forti motivazioni di interesse generale.<\/strong> Quelle sostenute dal deputato Baldelli, turismo religioso e custodia del territorio, sono aria fritta.<\/p>\n<p><strong>Questo ulteriore atto della Giunta e della maggioranza consiliare fanese fa salire le quotazioni del sindaco Seri per l\u2019assegnazione dell\u2019ambito premio \u201ccemento armato\u201d 2024, <\/strong>che come associazione assegnamo agli amministratori che fanno scelte contrarie alla tutela dell&#8217;ambiente.<\/p>\n<p><strong>Perch\u00e9, oltre a cementificare il suolo la giunta Seri ha anche il triste primato a livello provinciale di tagliare alberi in ogni opera pubblica che mette in cantiere<\/strong>. L\u2019ultimo caso \u00e8 il progetto della pista ciclabile di <strong>Viale Kennedy per cui \u00e8 previsto l\u2019abbattimento di due lecci<\/strong>. Certamente non basta qualche intervento di forestazione urbana, (con un relativo piano generale che in buona parte non pu\u00f2 essere ancora operativo per indisponibilit\u00e0 dei terreni), per compensare i ripetuti interventi edilizi che hanno un impatto negativo sul verde urbano.<\/p>\n<p>Fano, 20\/10\/2023<\/p>\n<p>Il consiglio direttivo<\/p>\n<p>&nbsp;<\/p>\n<p>&nbsp;<\/p>\n","protected":false},"excerpt":{"rendered":"<p>Comunicato stampa Il re \u00e8 nudo. Con quale faccia e credibilit\u00e0 le forze politiche (tutte, ad eccezione del M5S e di InComune) che pochi giorni fa hanno votato la variante [&hellip;]<\/p>\n","protected":false},"author":2,"featured_media":0,"comment_status":"closed","ping_status":"closed","sticky":false,"template":"","format":"standard","meta":{"ngg_post_thumbnail":0,"footnotes":""},"categories":[10],"tags":[],"class_list":["post-8381","post","type-post","status-publish","format-standard","hentry","category-varie"],"_links":{"self":[{"href":"https:\/\/www.lalupusinfabula.it\/index.php?rest_route=\/wp\/v2\/posts\/8381","targetHints":{"allow":["GET"]}}],"collection":[{"href":"https:\/\/www.lalupusinfabula.it\/index.php?rest_route=\/wp\/v2\/posts"}],"about":[{"href":"https:\/\/www.lalupusinfabula.it\/index.php?rest_route=\/wp\/v2\/types\/post"}],"author":[{"embeddable":true,"href":"https:\/\/www.lalupusinfabula.it\/index.php?rest_route=\/wp\/v2\/users\/2"}],"replies":[{"embeddable":true,"href":"https:\/\/www.lalupusinfabula.it\/index.php?rest_route=%2Fwp%2Fv2%2Fcomments&post=8381"}],"version-history":[{"count":1,"href":"https:\/\/www.lalupusinfabula.it\/index.php?rest_route=\/wp\/v2\/posts\/8381\/revisions"}],"predecessor-version":[{"id":8382,"href":"https:\/\/www.lalupusinfabula.it\/index.php?rest_route=\/wp\/v2\/posts\/8381\/revisions\/8382"}],"wp:attachment":[{"href":"https:\/\/www.lalupusinfabula.it\/index.php?rest_route=%2Fwp%2Fv2%2Fmedia&parent=8381"}],"wp:term":[{"taxonomy":"category","embeddable":true,"href":"https:\/\/www.lalupusinfabula.it\/index.php?rest_route=%2Fwp%2Fv2%2Fcategories&post=8381"},{"taxonomy":"post_tag","embeddable":true,"href":"https:\/\/www.lalupusinfabula.it\/index.php?rest_route=%2Fwp%2Fv2%2Ftags&post=8381"}],"curies":[{"name":"wp","href":"https:\/\/api.w.org\/{rel}","templated":true}]}}