{"id":7970,"date":"2022-10-18T16:29:14","date_gmt":"2022-10-18T15:29:14","guid":{"rendered":"https:\/\/www.lalupusinfabula.it\/?p=7970"},"modified":"2022-10-18T16:29:14","modified_gmt":"2022-10-18T15:29:14","slug":"ambientalisti-stanchi-di-fare-sempre-da-capro-espiatorio-per-responsabilita-altrui","status":"publish","type":"post","link":"https:\/\/www.lalupusinfabula.it\/?p=7970","title":{"rendered":"Ambientalisti: \u201cstanchi di fare sempre da capro espiatorio per responsabilit\u00e0 altrui&#8221;"},"content":{"rendered":"<p><strong>L\u2019ALLEANZA n. 15.22\u00a0 \u00a0 \u00a0 \u00a0 \u00a0 \u00a0 \u00a0 \u00a0 \u00a0 \u00a0 \u00a0 \u00a0 \u00a0 \u00a0 \u00a0 \u00a0 \u00a0 \u00a0 \u00a0 \u00a0 \u00a0 \u00a0 \u00a0 \u00a0 \u00a0 \u00a0 \u00a0 \u00a0 \u00a0 \u00a0 \u00a0 \u00a0 \u00a0 \u00a0 \u00a0 \u00a0 \u00a0 \u00a0 \u00a0 \u00a0 \u00a0 17 ottobre 2022<\/strong><\/p>\n<p style=\"text-align: center\"><strong>COMUNICATO STAMPA<\/strong><\/p>\n<p><strong>\u00a0<\/strong><\/p>\n<p style=\"text-align: center\"><strong><em>Ambientalisti: \u201cstanchi di fare sempre da capro espiatorio per responsabilit\u00e0 altrui&#8221;<\/em><\/strong><\/p>\n<p style=\"text-align: left\">Secondo i gestori delle stazioni montane delle Marche (Catria, Nerone, Sarnano, Frontignano Bolognola) \u201c<em>la responsabilit\u00e0 del disastro<\/em>\u201d del 15 settembre \u201c<em>oltre alle precipitazioni eccezionali \u00e8 degli pseudo ambientalisti integralisti e dei loro no<\/em>\u201d. Potremmo anche chiamarci fuori da questa polemica, dato che non ci riteniamo n\u00e9 \u201cpseudo\u201d n\u00e9 \u201cintegralisti\u201d, ma \u00e8 evidente che i gestori degli impianti di risalita puntano il dito su tutte le associazioni ambientaliste marchigiane che hanno chiesto una moratoria ad ulteriori sperperi di fondi regionali destinati a sovvenzionare stazioni sciistiche senza alcun futuro economico. Avrebbero potuto risponderci nel merito ma invece ci attaccano in maniera scomposta e delirante. Secondo loro, gli ambientalisti che da decenni denunciano, inascoltati, i rischi legati al riscaldamento globale e che non ricoprono alcun ruolo amministrativo, n\u00e9 hanno funzionari o tecnici nei posti di comando nei comuni, nelle provincie ed in Regione, sarebbero i responsabili dei 12 morti e dei milioni di danni dell\u2019alluvione che ha colpito le province di Ancona e Pesaro.<\/p>\n<p><strong><em>CI\u00d2 NON SOLO \u00c8 RIDICOLO, MA \u00c8 FALSO E CALUNNIOSO.<\/em><\/strong><\/p>\n<p>Invece gli amministratori dei comuni, delle provincie e della Regione, di ogni colore politico, che hanno avuto responsabilit\u00e0 in materia urbanistica e sulla gestione del rischio idrogeologico, non vengono nemmeno menzionati! Forse perch\u00e9 sono gli stessi che si prodigano per continuare a finanziare le stazioni sciistiche?? Un\u2019altra falsit\u00e0 \u00e8 sostenere che basta togliere alberi e ghiaia dai fiumi per risolvere il problema. Gli ambientalisti non sono mai stati contrari ad opere di mitigazione del rischio idraulico quando non trasformano i fiumi in canali, e nemmeno alla rimozione di tronchi in alveo o sotto le arcate dei ponti. Tuttavia per ridurre, e non annullare (perch\u00e9 ormai abbiamo superato il punto di non ritorno), gli effetti degli eventi eccezionali causati dal cambiamento climatico serve ben altro: servono estese \u201c<em>aree di laminazione<\/em>\u201d da ottenere anche spostando case e fabbriche, bisogna fermare la cementificazione del territorio, occorre piantare alberi e siepi e non tagliare centinaia di ettari di bosco con la pratica della ceduazione, serve un\u2019agricoltura che non lasci scoperte larghe superfici di suolo e che non lo impoverisca dell\u2019humus necessario a mantenerlo assorbente e stabile. Quanto alle piste da sci, le immagini che abbiamo del versante del Monte Acuto del Catria interessato dai lavori di ampliamento e di esbosco dimostrano chiaramente la forte erosione subita dalle stesse, con la creazione di profondi fossati, accumuli di ghiaia e dilavamento della superficie. Non si pu\u00f2 escludere che il ristorante il Mandrale sia stato sepolto proprio dalla massa acqua, ghiaia e fango che \u00e8 scesa dalle piste Belvedere, Travarco, Le Gorghe e Cotaline. L\u2019eradicazione di circa 9 ettari di faggeta e l\u2019assenza di inerbimento delle superfici scoperte, uniti alla forte acclivit\u00e0, hanno sicuramente amplificato il fenomeno meteorico. Relativamente al lago artificiale che dovrebbe essere realizzato a 1450 m. slm. vorremmo sapere come pensano di riempirlo, se in inverno l\u2019acqua verr\u00e0 utilizzata per la neve artificiale e d\u2019estate le fonti si seccano (ricordiamoci delle autobotti di questa estate per abbeverare gli animali al pascolo!). Anche il famoso lago di Pilato sui Sibillini, che \u00e8 in una grande conca naturale a 1950 m. slm. dove di solito nevica parecchio, si \u00e8 prosciugato ed \u00e8 tutt\u2019ora a secco. Gli ambientalisti non vogliono \u201criserve indiane\u201d ma una montagna che conservi bellezza e attrattivit\u00e0 anche negli anni a venire, per offrire svago, lavoro e benessere anche alle future generazioni, e che non sia violentata dalle speculazioni e dagli interessi economici di poche persone con la complicit\u00e0 di amministratori compiacenti.<\/p>\n<p>&nbsp;<\/p>\n<p><strong>Si allegano tre foto della situazione sulle piste del Catria che non vengono mai fatte vedere<\/strong>.\u00a0 \u00a0<em>(purtroppo le foto qui non si riescono a caricare, ma sono a disposizione di chiunque voglia visionarle).<\/em><\/p>\n<p>1)<em>pista Travarco<\/em> dalla strada provinciale 105 sotto il rifugio Cotaline: profondi ruscellamenti con trasporto di ghiaia<\/p>\n<p>&nbsp;<\/p>\n<p>2)<em>pista Belvedere<\/em> ai piedi dell\u2019ACUTO: profonde incisioni di un metro con asportazione di terra, ghiaia e pietra<\/p>\n<p>3) profondo canale di circa un metro e mezzo tra la provinciale 105 e la pista di fondovalle, sotto il rifugio Gorghe e pista Belvedere: notevole asporto e ruscellamento di terreno misto con alberi sradicati<\/p>\n<p>&nbsp;<\/p>\n<p><strong><em>L\u2019ALLEANZA DELLE ASSOCIAZIONI AMBIENTALISTE MARCHIGIANE: CLUB ALPINO ITALIANO, FEDERAZIONE NAZIONALE PRO NATURA, GRIG, ITALIA NOSTRA, LAC, LEGAMBIENTE, LUPUS IN FABULA, SALVIAMO IL PAESAGGIO, WWF.<\/em><\/strong><\/p>\n","protected":false},"excerpt":{"rendered":"<p>L\u2019ALLEANZA n. 15.22\u00a0 \u00a0 \u00a0 \u00a0 \u00a0 \u00a0 \u00a0 \u00a0 \u00a0 \u00a0 \u00a0 \u00a0 \u00a0 \u00a0 \u00a0 \u00a0 \u00a0 \u00a0 \u00a0 \u00a0 \u00a0 \u00a0 \u00a0 \u00a0 \u00a0 \u00a0 \u00a0 \u00a0 [&hellip;]<\/p>\n","protected":false},"author":7,"featured_media":0,"comment_status":"closed","ping_status":"closed","sticky":false,"template":"","format":"standard","meta":{"ngg_post_thumbnail":0,"footnotes":""},"categories":[3,4],"tags":[],"class_list":["post-7970","post","type-post","status-publish","format-standard","hentry","category-boschi","category-sviluppo-sostenibile"],"_links":{"self":[{"href":"https:\/\/www.lalupusinfabula.it\/index.php?rest_route=\/wp\/v2\/posts\/7970","targetHints":{"allow":["GET"]}}],"collection":[{"href":"https:\/\/www.lalupusinfabula.it\/index.php?rest_route=\/wp\/v2\/posts"}],"about":[{"href":"https:\/\/www.lalupusinfabula.it\/index.php?rest_route=\/wp\/v2\/types\/post"}],"author":[{"embeddable":true,"href":"https:\/\/www.lalupusinfabula.it\/index.php?rest_route=\/wp\/v2\/users\/7"}],"replies":[{"embeddable":true,"href":"https:\/\/www.lalupusinfabula.it\/index.php?rest_route=%2Fwp%2Fv2%2Fcomments&post=7970"}],"version-history":[{"count":1,"href":"https:\/\/www.lalupusinfabula.it\/index.php?rest_route=\/wp\/v2\/posts\/7970\/revisions"}],"predecessor-version":[{"id":7971,"href":"https:\/\/www.lalupusinfabula.it\/index.php?rest_route=\/wp\/v2\/posts\/7970\/revisions\/7971"}],"wp:attachment":[{"href":"https:\/\/www.lalupusinfabula.it\/index.php?rest_route=%2Fwp%2Fv2%2Fmedia&parent=7970"}],"wp:term":[{"taxonomy":"category","embeddable":true,"href":"https:\/\/www.lalupusinfabula.it\/index.php?rest_route=%2Fwp%2Fv2%2Fcategories&post=7970"},{"taxonomy":"post_tag","embeddable":true,"href":"https:\/\/www.lalupusinfabula.it\/index.php?rest_route=%2Fwp%2Fv2%2Ftags&post=7970"}],"curies":[{"name":"wp","href":"https:\/\/api.w.org\/{rel}","templated":true}]}}