{"id":7910,"date":"2022-09-20T18:26:47","date_gmt":"2022-09-20T17:26:47","guid":{"rendered":"https:\/\/www.lalupusinfabula.it\/?p=7910"},"modified":"2022-09-20T18:26:47","modified_gmt":"2022-09-20T17:26:47","slug":"i-conti-purtroppo-tornano-sempre-ed-a-pagare-sono-i-cittadini","status":"publish","type":"post","link":"https:\/\/www.lalupusinfabula.it\/?p=7910","title":{"rendered":"I CONTI PURTROPPO TORNANO SEMPRE  ED A PAGARE SONO I CITTADINI"},"content":{"rendered":"<p><strong>L\u2019ALLEANZA n. 13.22\u00a0 \u00a0 \u00a0 \u00a0 \u00a0 \u00a0 \u00a0 \u00a0 \u00a0 \u00a0 \u00a0 \u00a0 \u00a0 \u00a0 \u00a0 \u00a0 \u00a0 \u00a0 \u00a0 \u00a0 \u00a0 \u00a0 \u00a0 \u00a0 \u00a0 \u00a0 \u00a0 \u00a0 \u00a0 \u00a0 \u00a0 \u00a0 \u00a0 \u00a0 \u00a0 \u00a0 \u00a0 \u00a0 \u00a017 settembre 2022<\/strong><\/p>\n<p style=\"text-align: center\"><strong><em>I CONTI PURTROPPO TORNANO SEMPRE <\/em><\/strong><\/p>\n<p style=\"text-align: center\"><strong><em>ED A PAGARE SONO I CITTADINI<\/em><\/strong><\/p>\n<p>Le Associazioni ambientaliste marchigiane esprimono in primo luogo la propria forte vicinanza a tutti coloro che hanno avuto vittime tra i propri cari ed hanno subito danni, anche materiali, dall\u2019ultimo estremo fenomeno climatico che ha colpito le Marche.<\/p>\n<p>Da anni si \u00e8 denunciato il rischio che la produzione di C02 derivante dalle attivit\u00e0 umane potesse provocare un innalzamento della temperatura e con esso l\u2019avvio di una stagione di cambiamenti climatici. Da anni si \u00e8 chiesto da parte di ambienti scientifici, cittadini, associazioni, che venisse posto un freno alle cause scatenanti il cambiamento climatico ed ai fattori climalteranti, cos\u00ec come alle azioni che potessero aggravare le conseguenze dei nuovi e sempre pi\u00f9 frequenti ed intensi fenomeni climatici quali il consumo di suolo, il dissesto idrogeologico etc.<\/p>\n<p>L\u2019affrontare i cambiamenti del clima richiede un impegno internazionale, vedi gli accordi di Kioto e successivi che, per\u00f2, si sostanziano in tante azioni coerenti a livello locale, nel Paese, nelle nostre Regioni, Provincie e Comuni. Possiamo dire che tale impegno \u00e8 riconoscibile anche nelle scelte degli amministratori del nostro territorio?<\/p>\n<p>Ad esempio \u00e8 corretto non porsi il problema di limitare l\u2019inquinamento da C02 nelle nostre citt\u00e0 e nei nostri porti nonostante la pubblicazione di rapporti scientifici che dimostrano l\u2019incidenza di decessi (+110 l\u2019anno nel centro di Ancona)? E\u2019 corretto progettare e realizzare la distruzione dei boschi (che riducono la C02) sulle nostre montagne per l\u2019interesse economico di pochi (Monte Catria, Sarnano, Montefortino)? E\u2019 corretto realizzare nuovi parcheggi nelle nostre citt\u00e0 e non potenziare l\u2019uso del mezzo pubblico? E\u2019 corretto continuare a cementificare il territorio ignorando la proposta di legge regionale di iniziativa popolare firmata da oltre 8.000 cittadini marchigiani per una nuova norma per il consumo zero di territorio? \u00c8 ammissibile non dare piena e rapida attuazione ai piani di bacino, realizzando prioritariamente i bacini di laminazione per mitigare gli effetti delle piogge torrenziali che subiranno ancora i nostri fragili territori fluviali?<\/p>\n<p>Le cause puntuali che hanno determinato questa tragedia dovranno essere analizzate con attenzione e il territorio dovr\u00e0 essere monitorato e manutenuto in modo sistematico, area per area, corso d\u2019acqua per corso d\u2019acqua, con il concorso dei proprietari dei terreni attraverso lo strumento del contratto di fiume, per restituire ai suoli la capacit\u00e0 di assorbire al meglio gli eventi sempre pi\u00f9 estremi, invertendo la tendenza ad effettuare interventi puntuali ed invasivi come \u00e8 stato fatto fino ad ora rincorrendo le emergenze.<\/p>\n<p>La politica anche in questi giorni dimostra ad ogni livello di non essere sensibile a questi problemi salvo piangere lacrime di coccodrillo dopo. Nei programmi elettorali dei principali contendenti non vi \u00e8 quasi nulla sul cambiamento climatico, se non generiche promesse. Paghiamo anni di fonti fossili, compreso il gas. Poi c\u2019\u00e8 qualche spiritoso che accusa gli ambientalisti di ritardare il progresso quando le responsabilit\u00e0 sono a carico di chi amministra e chiude gli occhi!<\/p>\n<p>Purtroppo, alla fine, tali errori della politica presentano il conto sotto forma dei disastri ambientali e sono i cittadini, solo i cittadini, sempre i cittadini che pagano due volte, prima per i danni che subiscono e poi per le spese della ricostruzione.<\/p>\n<p>&nbsp;<\/p>\n<p><strong><em>L\u2019ALLEANZA DELLE ASSOCIAZIONI AMBIENTALISTE MARCHIGIANE: CAI, ENPA, FEDERAZIONE PRO NATURA, GRIG, ITALIA NOSTRA, LAC, LAV, LUPUS IN FABULA, SALVIAMO IL PAESAGGIO, WWF.<\/em><\/strong><\/p>\n","protected":false},"excerpt":{"rendered":"<p>L\u2019ALLEANZA n. 13.22\u00a0 \u00a0 \u00a0 \u00a0 \u00a0 \u00a0 \u00a0 \u00a0 \u00a0 \u00a0 \u00a0 \u00a0 \u00a0 \u00a0 \u00a0 \u00a0 \u00a0 \u00a0 \u00a0 \u00a0 \u00a0 \u00a0 \u00a0 \u00a0 \u00a0 \u00a0 \u00a0 \u00a0 [&hellip;]<\/p>\n","protected":false},"author":7,"featured_media":0,"comment_status":"closed","ping_status":"closed","sticky":false,"template":"","format":"standard","meta":{"ngg_post_thumbnail":0,"footnotes":""},"categories":[4],"tags":[],"class_list":["post-7910","post","type-post","status-publish","format-standard","hentry","category-sviluppo-sostenibile"],"_links":{"self":[{"href":"https:\/\/www.lalupusinfabula.it\/index.php?rest_route=\/wp\/v2\/posts\/7910","targetHints":{"allow":["GET"]}}],"collection":[{"href":"https:\/\/www.lalupusinfabula.it\/index.php?rest_route=\/wp\/v2\/posts"}],"about":[{"href":"https:\/\/www.lalupusinfabula.it\/index.php?rest_route=\/wp\/v2\/types\/post"}],"author":[{"embeddable":true,"href":"https:\/\/www.lalupusinfabula.it\/index.php?rest_route=\/wp\/v2\/users\/7"}],"replies":[{"embeddable":true,"href":"https:\/\/www.lalupusinfabula.it\/index.php?rest_route=%2Fwp%2Fv2%2Fcomments&post=7910"}],"version-history":[{"count":1,"href":"https:\/\/www.lalupusinfabula.it\/index.php?rest_route=\/wp\/v2\/posts\/7910\/revisions"}],"predecessor-version":[{"id":7911,"href":"https:\/\/www.lalupusinfabula.it\/index.php?rest_route=\/wp\/v2\/posts\/7910\/revisions\/7911"}],"wp:attachment":[{"href":"https:\/\/www.lalupusinfabula.it\/index.php?rest_route=%2Fwp%2Fv2%2Fmedia&parent=7910"}],"wp:term":[{"taxonomy":"category","embeddable":true,"href":"https:\/\/www.lalupusinfabula.it\/index.php?rest_route=%2Fwp%2Fv2%2Fcategories&post=7910"},{"taxonomy":"post_tag","embeddable":true,"href":"https:\/\/www.lalupusinfabula.it\/index.php?rest_route=%2Fwp%2Fv2%2Ftags&post=7910"}],"curies":[{"name":"wp","href":"https:\/\/api.w.org\/{rel}","templated":true}]}}