{"id":7431,"date":"2021-03-08T19:46:28","date_gmt":"2021-03-08T18:46:28","guid":{"rendered":"https:\/\/www.lalupusinfabula.it\/?p=7431"},"modified":"2021-03-08T19:46:28","modified_gmt":"2021-03-08T18:46:28","slug":"comunicato-stampa-il-nuovo-metodo-tariffario-arera-non-impone-la-crescita-delle-tariffe","status":"publish","type":"post","link":"https:\/\/www.lalupusinfabula.it\/?p=7431","title":{"rendered":"Comunicato stampa &#8211; Il nuovo metodo tariffario ARERA non impone la crescita delle tariffe"},"content":{"rendered":"<p>Comunicato stampa<\/p>\n<p>Il nuovo metodo tariffario ARERA <strong>non<\/strong> impone la crescita delle tariffe<\/p>\n<p>Alcune settimane fa sulla stampa locale si scriveva di un aumento TARI del 2,5% per le tariffe rifiuti 2020, approvato dai sindaci della provincia riuniti in ATA, a seguito del nuovo metodo tariffario rifiuti (MTR) imposto dall\u2019Autorit\u00e0 del settore ARERA.<\/p>\n<p>Sono dovute alcune precisazioni, che denotano la sostanziale ignoranza o la volont\u00e0 di non lasciar trasparire alcune cose, magari scomode.<\/p>\n<p>Innanzitutto, <strong>la crescita tariffaria non \u00e8 obbligatoria, non \u00e8 una necessit\u00e0 ineluttabile<\/strong>. Non occorre andare tanto lontano per trovare comuni come Mondolfo che ha tariffa invariata rispetto all\u2019anno precedente oppure Terre Roveresche che addirittura ha una riduzione del 3%. Nel caso in cui ci si ritrovasse, come la quasi totalit\u00e0 dei comuni della provincia, ad avere crescite tariffarie per l\u2019anno 2020, il limite alla crescita minimo non \u00e8, come erroneamente dichiarato, pari a 1,7%, il dato relativo all\u2019inflazione programmata; <strong>il limite alla crescita minimo applicabile \u00e8 pari a 1,2%<\/strong> (valorizzando a 0,5 il recupero della produttivit\u00e0).<\/p>\n<p>Inoltre, occorre ricordare che ATA era chiamata entro il 31\/12\/2020 e lo sar\u00e0 in futuro, per l\u2019approvazione dei Piani tariffari, a determinare alcuni parametri: 2 fattori di condivisione (sharing) dei ricavi, 3 coefficienti di gradualit\u00e0 del conguaglio, il numero di annualit\u00e0 in cui suddividere l\u2019imputazione del conguaglio e 3 parametri che vanno a definire il limite alla crescita. Quindi <strong>i sindaci hanno dei margini discrezionali, che possono utilizzare per modulare le tariffe, non sono del tutto passivi nei confronti di ARERA<\/strong> come alcuni cercano di far credere. Da notare che hanno deciso di valorizzare a 4 le annualit\u00e0 in cui suddividere l\u2019imputazione del conguaglio 2018: ci\u00f2 significa che <em>anche i prossimi 3 anni (2021-2024) vedranno in tariffa la quota conguaglio 2018, a cui aggiungere eventualmente anche il conguaglio 2019<\/em>.<\/p>\n<p>La crescita delle tariffe <strong>deriva sostanzialmente da due fattori. Il primo \u00e8 il conguaglio TARI 2018: <\/strong>se in quell\u2019anno si fosse conteggiato tutto correttamente ora ci si ritroverebbe come i gi\u00e0 citati comuni di Mondolfo o Terre Roveresche a non avere bisogno di crescite tariffarie.<\/p>\n<p><strong>Il secondo \u00e8 la condivisione dei ricavi della raccolta differenziata tra comuni e gestori<\/strong>. Con il nuovo MTR il gestore del servizio (Marche Multiservizi e Aset per la quasi totalit\u00e0 dei comuni della provincia) trattiene per s\u00e9 parte dei ricavi dalla vendita di ci\u00f2 che viene raccolto in modo differenziato, e poi venduto ai consorzi CONAI oppure sul mercato. Ci\u00f2, in realt\u00e0, non \u00e8 obbligatorio. Infatti, <strong>basta valorizzare in altro modo i parametri a discrezione dei sindaci per fare in modo che quegli introiti vadano totalmente ad abbassare i costi di gestione<u>,<\/u> abbassando la tariffa<\/strong> o comunque contenendone l\u2019impatto. A dimostrazione di tale possibilit\u00e0 basta prendere visione di quanto avviene nel comune di Fabriano o nel forlivese da Alea ambiente. Marche Multiservizi, che dichiara di vendere quasi tutto sul mercato, riesce a trattenerne per s\u00e9 circa il 38% (circa 1.600.000 euro), contro il 19% circa di Aset (circa 300.000 euro).<\/p>\n<p>Fano, 24\/02\/2020\u00a0\u00a0\u00a0\u00a0\u00a0\u00a0\u00a0\u00a0\u00a0\u00a0\u00a0\u00a0\u00a0\u00a0\u00a0\u00a0\u00a0\u00a0\u00a0\u00a0\u00a0\u00a0\u00a0\u00a0\u00a0\u00a0\u00a0\u00a0\u00a0\u00a0\u00a0\u00a0\u00a0\u00a0\u00a0\u00a0\u00a0\u00a0\u00a0\u00a0\u00a0\u00a0\u00a0\u00a0\u00a0\u00a0\u00a0\u00a0\u00a0\u00a0\u00a0\u00a0\u00a0\u00a0\u00a0\u00a0\u00a0\u00a0\u00a0 Il consiglio direttivo<\/p>\n<p>&nbsp;<\/p>\n<p>&nbsp;<\/p>\n<p>&nbsp;<\/p>\n","protected":false},"excerpt":{"rendered":"<p>Comunicato stampa Il nuovo metodo tariffario ARERA non impone la crescita delle tariffe Alcune settimane fa sulla stampa locale si scriveva di un aumento TARI del 2,5% per le tariffe [&hellip;]<\/p>\n","protected":false},"author":2,"featured_media":0,"comment_status":"closed","ping_status":"closed","sticky":false,"template":"","format":"standard","meta":{"ngg_post_thumbnail":0,"footnotes":""},"categories":[8],"tags":[],"class_list":["post-7431","post","type-post","status-publish","format-standard","hentry","category-energia-e-rifiuti"],"_links":{"self":[{"href":"https:\/\/www.lalupusinfabula.it\/index.php?rest_route=\/wp\/v2\/posts\/7431","targetHints":{"allow":["GET"]}}],"collection":[{"href":"https:\/\/www.lalupusinfabula.it\/index.php?rest_route=\/wp\/v2\/posts"}],"about":[{"href":"https:\/\/www.lalupusinfabula.it\/index.php?rest_route=\/wp\/v2\/types\/post"}],"author":[{"embeddable":true,"href":"https:\/\/www.lalupusinfabula.it\/index.php?rest_route=\/wp\/v2\/users\/2"}],"replies":[{"embeddable":true,"href":"https:\/\/www.lalupusinfabula.it\/index.php?rest_route=%2Fwp%2Fv2%2Fcomments&post=7431"}],"version-history":[{"count":1,"href":"https:\/\/www.lalupusinfabula.it\/index.php?rest_route=\/wp\/v2\/posts\/7431\/revisions"}],"predecessor-version":[{"id":7432,"href":"https:\/\/www.lalupusinfabula.it\/index.php?rest_route=\/wp\/v2\/posts\/7431\/revisions\/7432"}],"wp:attachment":[{"href":"https:\/\/www.lalupusinfabula.it\/index.php?rest_route=%2Fwp%2Fv2%2Fmedia&parent=7431"}],"wp:term":[{"taxonomy":"category","embeddable":true,"href":"https:\/\/www.lalupusinfabula.it\/index.php?rest_route=%2Fwp%2Fv2%2Fcategories&post=7431"},{"taxonomy":"post_tag","embeddable":true,"href":"https:\/\/www.lalupusinfabula.it\/index.php?rest_route=%2Fwp%2Fv2%2Ftags&post=7431"}],"curies":[{"name":"wp","href":"https:\/\/api.w.org\/{rel}","templated":true}]}}