{"id":7294,"date":"2020-11-15T19:01:14","date_gmt":"2020-11-15T18:01:14","guid":{"rendered":"https:\/\/www.lalupusinfabula.it\/?p=7294"},"modified":"2020-11-15T19:01:14","modified_gmt":"2020-11-15T18:01:14","slug":"per-larea-marina-protetta-del-conero","status":"publish","type":"post","link":"https:\/\/www.lalupusinfabula.it\/?p=7294","title":{"rendered":"PER L&#8217;AREA MARINA PROTETTA DEL CONERO"},"content":{"rendered":"<p><strong>L\u2019ALLEANZA n. 19.20\u00a0 \u00a0 \u00a0 \u00a0 \u00a0 \u00a0 \u00a0 \u00a0 \u00a0 \u00a0 \u00a0 \u00a0 \u00a0 \u00a0 \u00a0 \u00a0 \u00a0 \u00a0 \u00a0 \u00a0 \u00a0 \u00a0 \u00a0 \u00a0 \u00a0 \u00a0 \u00a0 \u00a0 \u00a0 \u00a0 \u00a0 \u00a0 \u00a0 \u00a0 \u00a015 novembre 2020<\/strong><\/p>\n<p style=\"text-align: center\"><strong>PER L&#8217;AREA MARINA PROTETTA DEL CONERO<\/strong><\/p>\n<p>La Alleanza delle Associazioni Ambientaliste Marchigiane raccoglie l\u2019appello alla Regione Marche ed ai comuni di Ancona, Sirolo, Numana, avanzato dal locale Comitato per la istituzione dell\u2019Area Marina Protetta della Costa del Conero.<\/p>\n<p>Da oltre 30 anni, con la istituzione del parco terrestre del Monte Conero, si avanzano proposte per tutelare anche la costa prospiciente, dal Passetto di Ancona fino a Numana. L\u2019iniziale progetto \u00e8 stato poi man mano ridotto nella estensione e nei vincoli di fronte alla negativit\u00e0 in particolare dei comuni di Numana e Sirolo; \u00e8 stata tolta l\u2019area di riserva integrale \u201cA\u201d e si \u00e8 pensato ad una area marina protetta che riguardi solo la costa prospicente il comune di Ancona con la esclusione anche del Passetto che invece \u00e8 incluso nell\u2019area del parco del Conero. L\u2019ISPRA aveva espresso un parere tecnico, condiviso dal Ministero, che riteneva <em>\u201cnon pienamente compatibile con le esigenze di tutela dell\u2019ambiente marino\u201d <\/em>l\u2019esclusione del Passetto, e anche noi condividiamo le motivazioni tecniche espresse da ISPRA.<\/p>\n<p>Si pensava che a questo punto, almeno il comune di Ancona, avrebbe espresso il suo consenso ad una area marina protetta cos\u00ec ridotta poich\u00e9 l\u2019attuale sindaco di Ancona nel 2014 affermava che \u201c<em>si ritiene che l\u2019istituzione dell\u2019area marina del Conero, a cui il Comune di Ancona ha dato da tempo la sua adesione convinta, rappresenti una tutela del pregio e della specificit\u00e0 del nostro territorio e possa essere un volano per green economy, ricerca scientifica e sviluppo sostenibile\u201d<\/em>. Ma il 15 settembre 2020 la sindaca Mancinelli ha ufficializzato il proprio NO alla area marina protetta dopo aver parlato con alcuni stakeholders (pescatori subacquei e diportisti a quel che risulta). Sembra di essere tornati agli anni \u201980 quando alcune categorie quali i cacciatori ed alcuni amministratori poco illuminati alla ricerca di voti, si opponevano alla costituzione del Parco del Conero.<\/p>\n<p>Di fronte e questa situazione il direttore Generale per il Mare e le Coste del Ministero dell\u2019Ambiente ha dato termine 15 giorni (scade il 20 novembre 2020) ai comuni interessati (Ancona, Sirolo, Numana) ed alla Regione alle due diverse ipotesi di perimetrazione e zonazione dell\u2019area marina protetta del \u00a0Costa del Conero, stante la necessit\u00e0 di concludere il procedimento iniziato nel 2014 con l\u2019incarico all\u2019ISPRA di effettuare gli studi preliminari.<\/p>\n<p><strong>La Alleanza, che da anni si batte per la tutela del patrimonio ambientale e paesaggistico\u00a0 della nostra regione, anche sostenendo la costituzione di ulteriori aree protette, si unisce all\u2019appello di coloro che ritengono non pi\u00f9 procrastinabile la creazione di una area marina della costa del Monte Conero, come elemento di tutela e di sviluppo compatibile della costa. Una area di tutela prevista da molti anni e la cui istituzione permetterebbe alle Marche di recuperare un gap ecologico che la contraddistingue in negativo ormai da troppi anni.<\/strong><\/p>\n<p><strong>\u00a0<\/strong><\/p>\n<p><strong>La Alleanza delle Associazioni Ambientaliste Marchigiane: Federazione Pro Natura, Italia Nostra, Lega Anti Caccia, Legambiente, Lipu, Lupus in Fabula, Salviamo il Paesaggio, WWF Italia.<\/strong><\/p>\n","protected":false},"excerpt":{"rendered":"<p>L\u2019ALLEANZA n. 19.20\u00a0 \u00a0 \u00a0 \u00a0 \u00a0 \u00a0 \u00a0 \u00a0 \u00a0 \u00a0 \u00a0 \u00a0 \u00a0 \u00a0 \u00a0 \u00a0 \u00a0 \u00a0 \u00a0 \u00a0 \u00a0 \u00a0 \u00a0 \u00a0 \u00a0 \u00a0 \u00a0 \u00a0 [&hellip;]<\/p>\n","protected":false},"author":7,"featured_media":0,"comment_status":"closed","ping_status":"closed","sticky":false,"template":"","format":"standard","meta":{"ngg_post_thumbnail":0,"footnotes":""},"categories":[7],"tags":[],"class_list":["post-7294","post","type-post","status-publish","format-standard","hentry","category-aree-protette"],"_links":{"self":[{"href":"https:\/\/www.lalupusinfabula.it\/index.php?rest_route=\/wp\/v2\/posts\/7294","targetHints":{"allow":["GET"]}}],"collection":[{"href":"https:\/\/www.lalupusinfabula.it\/index.php?rest_route=\/wp\/v2\/posts"}],"about":[{"href":"https:\/\/www.lalupusinfabula.it\/index.php?rest_route=\/wp\/v2\/types\/post"}],"author":[{"embeddable":true,"href":"https:\/\/www.lalupusinfabula.it\/index.php?rest_route=\/wp\/v2\/users\/7"}],"replies":[{"embeddable":true,"href":"https:\/\/www.lalupusinfabula.it\/index.php?rest_route=%2Fwp%2Fv2%2Fcomments&post=7294"}],"version-history":[{"count":1,"href":"https:\/\/www.lalupusinfabula.it\/index.php?rest_route=\/wp\/v2\/posts\/7294\/revisions"}],"predecessor-version":[{"id":7295,"href":"https:\/\/www.lalupusinfabula.it\/index.php?rest_route=\/wp\/v2\/posts\/7294\/revisions\/7295"}],"wp:attachment":[{"href":"https:\/\/www.lalupusinfabula.it\/index.php?rest_route=%2Fwp%2Fv2%2Fmedia&parent=7294"}],"wp:term":[{"taxonomy":"category","embeddable":true,"href":"https:\/\/www.lalupusinfabula.it\/index.php?rest_route=%2Fwp%2Fv2%2Fcategories&post=7294"},{"taxonomy":"post_tag","embeddable":true,"href":"https:\/\/www.lalupusinfabula.it\/index.php?rest_route=%2Fwp%2Fv2%2Ftags&post=7294"}],"curies":[{"name":"wp","href":"https:\/\/api.w.org\/{rel}","templated":true}]}}