{"id":7061,"date":"2020-05-07T14:52:04","date_gmt":"2020-05-07T13:52:04","guid":{"rendered":"https:\/\/www.lalupusinfabula.it\/?p=7061"},"modified":"2020-05-07T14:52:04","modified_gmt":"2020-05-07T13:52:04","slug":"efficientamento-energetico-non-dimentichiamoci-degli-alberi","status":"publish","type":"post","link":"https:\/\/www.lalupusinfabula.it\/?p=7061","title":{"rendered":"Efficientamento energetico: non dimentichiamoci degli alberi"},"content":{"rendered":"<p>Al Sindaco, alla Giunta, ai Capigruppo Consiglio Comunale di Fano,<\/p>\n<p>Abbiamo seguito con interesse la video conferenza sul progetto di Efficientamento Energetico presentato venerd\u00ec 17 aprile dalla consigliera Cora Fattori alle Commissioni Ambiente e Bilancio. Un progetto ambizioso, che pu\u00f2 dare finalmente dei risultati in termini di riduzione dei consumi e di aumento del benessere, sempre che tutti gli attori in campo facciano la loro parte. Funzionari pubblici, associazioni di categoria, imprenditori, banche, associazioni, cittadini, tutti possono e devono contribuire al cambiamento, perch\u00e9 ridurre i consumi energetici \u00e8 una necessit\u00e0 non pi\u00f9 rinviabile. Non si tratta solo di migliorare l\u2019efficienza energetica degli edifici, ma anche di usare al meglio i sistemi di riscaldamento e raffrescamento e di ridurre i consumi nella mobilit\u00e0. Ma anche ci\u00f2 non basta: la programmazione territoriale deve orientarsi non solo al risanamento e riuso dell\u2019edificato esistente senza cementificare e asfaltare altro suolo, ma occorre anche riforestare la citt\u00e0, utilizzando tutti gli spazi pubblici possibili.<\/p>\n<p>Cosa c\u2019entra l\u2019efficientamento energetico con gli alberi e gli spazi verdi? Gli alberi (e in misura minore tutta la vegetazione) svolgono importanti e fondamentali funzioni eco-sistemiche preziosissime per gli esseri umani e animali, tra le quali quella di ridurre gli eventi metereologici estremi. E\u2019 noto a tutti il fenomeno delle isole di calore. Nelle aree urbane per effetto della presenza di ampie superfici impermeabilizzate la differenza di temperatura pu\u00f2 essere anche di 4\/5 gradi rispetto alla campagna circostante. Quindi gli alberi non solo fanno ombra, ma diminuiscono gli effetti delle ondate di calore estive attraverso la traspirazione: ad esempio un pioppo adulto di venti metri pu\u00f2 traspirare fino a 20 cubi di acqua. Inoltre in occasione di precipitazioni intense fungono da spugna raccogliendo l\u2019acqua piovana per poi rilasciarla gradualmente. Nelle citt\u00e0 quindi gli alberi dovrebbero stare dappertutto, nella quantit\u00e0 maggiore possibile, anche perch\u00e9 sono lo strumento pi\u00f9 efficace per abbattere la CO2.<\/p>\n<p>Quindi una virtuosa gestione del verde pubblico urbano (dalla programmazione di nuove piantumazioni,alla professionale gestione dell\u2019esistente) \u00e8 senza dubbio un obiettivo che l\u2019amministrazione fanese deve porsi, senza altro indugio. La salute delle persone nelle citt\u00e0 \u00e8 direttamente proporzionale alla presenza di aree verdi, anche semplicemente come fatto visivo, ma ancor di pi\u00f9 per l\u2019effetto di micro regolazione del clima.<\/p>\n<p>\u201cLa salvezza di una citt\u00e0 non \u00e8 dovuta dagli uomini retti che la abitano pi\u00f9 che dai boschi che la circondano\u201d cos\u00ec scriveva nei suoi diari il filosofo poeta e naturalista Henry David Thoreau a met\u00e0 del 19 secolo, e ci\u00f2 \u00e8 sempre pi\u00f9 vero.<\/p>\n<p>Fano, 27\/04\/2020<\/p>\n<p>Il V. Presidente &#8211; Claudio Orazi<\/p>\n","protected":false},"excerpt":{"rendered":"<p>Al Sindaco, alla Giunta, ai Capigruppo Consiglio Comunale di Fano, Abbiamo seguito con interesse la video conferenza sul progetto di Efficientamento Energetico presentato venerd\u00ec 17 aprile dalla consigliera Cora Fattori [&hellip;]<\/p>\n","protected":false},"author":2,"featured_media":0,"comment_status":"closed","ping_status":"closed","sticky":false,"template":"","format":"standard","meta":{"ngg_post_thumbnail":0,"footnotes":""},"categories":[3],"tags":[],"class_list":["post-7061","post","type-post","status-publish","format-standard","hentry","category-boschi"],"_links":{"self":[{"href":"https:\/\/www.lalupusinfabula.it\/index.php?rest_route=\/wp\/v2\/posts\/7061","targetHints":{"allow":["GET"]}}],"collection":[{"href":"https:\/\/www.lalupusinfabula.it\/index.php?rest_route=\/wp\/v2\/posts"}],"about":[{"href":"https:\/\/www.lalupusinfabula.it\/index.php?rest_route=\/wp\/v2\/types\/post"}],"author":[{"embeddable":true,"href":"https:\/\/www.lalupusinfabula.it\/index.php?rest_route=\/wp\/v2\/users\/2"}],"replies":[{"embeddable":true,"href":"https:\/\/www.lalupusinfabula.it\/index.php?rest_route=%2Fwp%2Fv2%2Fcomments&post=7061"}],"version-history":[{"count":1,"href":"https:\/\/www.lalupusinfabula.it\/index.php?rest_route=\/wp\/v2\/posts\/7061\/revisions"}],"predecessor-version":[{"id":7062,"href":"https:\/\/www.lalupusinfabula.it\/index.php?rest_route=\/wp\/v2\/posts\/7061\/revisions\/7062"}],"wp:attachment":[{"href":"https:\/\/www.lalupusinfabula.it\/index.php?rest_route=%2Fwp%2Fv2%2Fmedia&parent=7061"}],"wp:term":[{"taxonomy":"category","embeddable":true,"href":"https:\/\/www.lalupusinfabula.it\/index.php?rest_route=%2Fwp%2Fv2%2Fcategories&post=7061"},{"taxonomy":"post_tag","embeddable":true,"href":"https:\/\/www.lalupusinfabula.it\/index.php?rest_route=%2Fwp%2Fv2%2Ftags&post=7061"}],"curies":[{"name":"wp","href":"https:\/\/api.w.org\/{rel}","templated":true}]}}