{"id":5263,"date":"2016-11-18T11:43:05","date_gmt":"2016-11-18T10:43:05","guid":{"rendered":"http:\/\/www.lalupusinfabula.it\/?p=5263"},"modified":"2016-11-18T11:43:05","modified_gmt":"2016-11-18T10:43:05","slug":"la-riserva-naturale-statale-gola-del-furlo-non-trova-pace","status":"publish","type":"post","link":"https:\/\/www.lalupusinfabula.it\/?p=5263","title":{"rendered":"La Riserva Naturale Statale Gola del Furlo non trova pace"},"content":{"rendered":"<p>La Riserva Naturale Statale Gola del Furlo non trova pace. La sua gestione, a seguito dell&#8217;iniziale scellerata idea di assegnarla alla Provincia di Pesaro e Urbino, ha purtroppo dovuto seguire negli anni le vicende alterne di quell&#8217;ente, dei suoi amministratori e dei dirigenti che si sono susseguiti nel ruolo di Direttore. Ora che della Provincia sono rimasti solo alcuni pezzi questa importantissima area protetta \u00e8 pi\u00f9 che mai un elemento esterno poco considerato e poco voluto. Il personale \u00e8 fisicamente e mentalmente distante dal Furlo mentre sul posto non ci sono che pochissime figure che assistono inermi alle piccole e grandi mansioni da svolgere, alle questioni tecniche e politiche che vanno quotidianamente affrontate, senza parlare della visibilit\u00e0 sul territorio e il contatto con le popolazioni locali che c&#8217;\u00e8 stato poco in passato e non c&#8217;\u00e8 pi\u00f9 per niente ora. Un gioiello di natura e di storia che viaggia senza timone nel mercato del turismo; una delicata area con una tra le pi\u00f9 alte biodiversit\u00e0 del centro Italia che subisce continuamente gli agguati del bracconaggio, delle moto sui sentieri, dei quad sui prati, di furgoni che trafficano misteriosamente legna. Una gestione che \u00e8 rimasta clamorosamente muta di fronte al dibattito per la riapertura della strada Flaminia dentro la Gola, lasciando ai sindaci la patata bollente della decisione che poi di fatti alla fine \u00e8 stata quella sbagliata, e ogni domenica si assiste alla penosa impari sfida tra i tanti pedoni e le tante macchine. Una gestione che applica a singhiozzo il Piano di Gestione rinviando provvedimenti decisivi come la chiusura al traffico delle strade dei prati sommitali, la riqualificazione della cava bassa, la ottimizzazione della perimetrazione, la ricerca scientifica, l&#8217;assurdo piano di abbattimento dei cinghiali, la gestione dei carichi pascolivi e soprattutto la vigilanza. Non \u00e8 possibile fare progettazione e neanche svolgere la normale amministrazione senza essere sul territorio: con il Corpo Forestale dello Stato non \u00e8 mai stato trovato un accordo funzionale cos\u00ec che l&#8217;unica opzione \u00e8 l&#8217;assunzione di Guardie Parco. Pare incredibile come una Riserva di cos\u00ec piccole dimensioni, quasi totalmente di propriet\u00e0 demaniale, con i suoi finanziamenti pubblici annuali che la potrebbero rendere autonoma, debba andare a rimorchio di un ente come la Provincia, governato da uffici distanti 50 chilometri. La Gola del Furlo merita molto di pi\u00f9. Trovare un nuovo ente gestore o quanto meno ridisegnare un nuovo assetto \u00e8 diventata la priorit\u00e0, per non vedere pi\u00f9 il Furlo in questo stato di incompiutezza e dare un senso ai soldi pubblici che annualmente arrivano per proteggere e valorizzare questa meraviglia della natura.<\/p>\n<p>LA LUPUS IN FABULA &#8211; Il Consiglio Direttivo<\/p>\n","protected":false},"excerpt":{"rendered":"<p>La Riserva Naturale Statale Gola del Furlo non trova pace. La sua gestione, a seguito dell&#8217;iniziale scellerata idea di assegnarla alla Provincia di Pesaro e Urbino, ha purtroppo dovuto seguire [&hellip;]<\/p>\n","protected":false},"author":7,"featured_media":0,"comment_status":"closed","ping_status":"closed","sticky":false,"template":"","format":"standard","meta":{"ngg_post_thumbnail":0,"footnotes":""},"categories":[7],"tags":[],"class_list":["post-5263","post","type-post","status-publish","format-standard","hentry","category-aree-protette"],"_links":{"self":[{"href":"https:\/\/www.lalupusinfabula.it\/index.php?rest_route=\/wp\/v2\/posts\/5263","targetHints":{"allow":["GET"]}}],"collection":[{"href":"https:\/\/www.lalupusinfabula.it\/index.php?rest_route=\/wp\/v2\/posts"}],"about":[{"href":"https:\/\/www.lalupusinfabula.it\/index.php?rest_route=\/wp\/v2\/types\/post"}],"author":[{"embeddable":true,"href":"https:\/\/www.lalupusinfabula.it\/index.php?rest_route=\/wp\/v2\/users\/7"}],"replies":[{"embeddable":true,"href":"https:\/\/www.lalupusinfabula.it\/index.php?rest_route=%2Fwp%2Fv2%2Fcomments&post=5263"}],"version-history":[{"count":2,"href":"https:\/\/www.lalupusinfabula.it\/index.php?rest_route=\/wp\/v2\/posts\/5263\/revisions"}],"predecessor-version":[{"id":5266,"href":"https:\/\/www.lalupusinfabula.it\/index.php?rest_route=\/wp\/v2\/posts\/5263\/revisions\/5266"}],"wp:attachment":[{"href":"https:\/\/www.lalupusinfabula.it\/index.php?rest_route=%2Fwp%2Fv2%2Fmedia&parent=5263"}],"wp:term":[{"taxonomy":"category","embeddable":true,"href":"https:\/\/www.lalupusinfabula.it\/index.php?rest_route=%2Fwp%2Fv2%2Fcategories&post=5263"},{"taxonomy":"post_tag","embeddable":true,"href":"https:\/\/www.lalupusinfabula.it\/index.php?rest_route=%2Fwp%2Fv2%2Ftags&post=5263"}],"curies":[{"name":"wp","href":"https:\/\/api.w.org\/{rel}","templated":true}]}}