{"id":5232,"date":"2016-11-16T22:05:00","date_gmt":"2016-11-16T21:05:00","guid":{"rendered":"http:\/\/www.lalupusinfabula.it\/?p=5232"},"modified":"2016-11-16T22:05:00","modified_gmt":"2016-11-16T21:05:00","slug":"ricorso-al-capo-dello-stato-per-parco-campo-aviazione-fano","status":"publish","type":"post","link":"https:\/\/www.lalupusinfabula.it\/?p=5232","title":{"rendered":"Ricorso al Capo dello Stato per Parco Campo Aviazione Fano"},"content":{"rendered":"<p align=\"JUSTIFY\"><span style=\"font-family: 'Times New Roman', serif\"><span style=\"font-size: medium\"><span style=\"color: #222222\">Le associazioni ambientaliste LA LUPUS IN FABULA e ANPANA comunicano alla cittadinanza di aver impugnato avanti al Capo dello Stato la Delibera di Giunta Comunale n. 50\/2016 e la consequenziale determinazione dirigenziale con le quali, su proposta dell&#8217;assessora Carla Cecchetelli, viene assegnata in comodato gratuito alle associazioni venatorie una grossa porzione di terreno dell&#8217;area destinata al Parco del Campo di Aviazione, gi\u00e0 di propriet\u00e0 del Demanio e da questi ceduta a titolo gratuito al Comune di Fano per essere destinata a &#8220;finalit\u00e0 pubblica o di interesse pubblico&#8221;.<\/span><\/span><\/span><\/p>\n<p align=\"JUSTIFY\"><span style=\"font-family: 'Times New Roman', serif\"><span style=\"font-size: medium\"><span style=\"color: #222222\">Tuttavia, non appena ottenuta l&#8217;area, gli appetiti lobbistici e gli interessi elettorali hanno preso il sopravvento: le associazioni venatorie hanno attivato il politico di &#8220;riferimento&#8221; &#8211; nel caso proprio l\u2019assessora Cecchetelli che ha la delega al Patrimonio &#8211; per ottenere favoritismi e accaparrarsi l\u2019area da adibire ad attivit\u00e0 loro proprie e l\u2019assessora, in barba all&#8217;interesse di tutti i cittadini e al Tavolo di Progettazione Partecipata istituito in seno all&#8217;assessorato all&#8217;Ambiente, li ha prontamente accontentati!<\/span><\/span><\/span><\/p>\n<p align=\"JUSTIFY\"><span style=\"font-family: 'Times New Roman', serif\"><span style=\"font-size: medium\"><span style=\"color: #222222\">Le associazioni ambientaliste avevano richiesto al Comune in via di autotutela di revocare l&#8217;atto per la palese illegittimit\u00e0 dello stesso oltre che per la sua inopportunit\u00e0, ma non hanno ricevuto neanche una risposta ufficiale.<\/span><\/span><\/span><\/p>\n<p align=\"JUSTIFY\"><span style=\"font-family: 'Times New Roman', serif\"><span style=\"font-size: medium\"><span style=\"color: #222222\">Il ricorso al Capo dello Stato, che \u00e8 l&#8217;ultimo baluardo della giustizia a cui si pu\u00f2 rivolgere chiunque non abbia soldi per pagare i costosi ricorsi al TAR, <\/span><\/span><\/span><span style=\"font-family: 'Times New Roman', serif\"><span style=\"font-size: medium\"><span style=\"color: #222222\">come appunto le associazioni di volontariato, \u00e8 stato presentato per ottenere la sospensiva e l&#8217;annullamento degli atti in questione per i gravi vizi di legittimit\u00e0 da cui sono inficiati.<\/span><\/span><\/span><\/p>\n<p align=\"JUSTIFY\"><span style=\"font-family: 'Times New Roman', serif\"><span style=\"font-size: medium\"><span style=\"color: #222222\">In particolare \u00e8 stata eccepita l&#8217;illegittimit\u00e0 della delibera e del successivo atto applicativo<br \/>\n<\/span><\/span><\/span><span style=\"font-family: 'Times New Roman', serif\"><span style=\"font-size: medium\"><span style=\"color: #222222\">della dirigente D.ssa Daniela Mantoni, per le seguenti motivazioni:<\/span><\/span><\/span><\/p>\n<p align=\"JUSTIFY\"><span style=\"font-family: 'Times New Roman', serif\"><span style=\"font-size: medium\"><span style=\"color: #222222\"><b>1) Eccesso di potere determinato da:<\/b><\/span><\/span><\/span><\/p>\n<p align=\"JUSTIFY\"><span style=\"font-family: 'Times New Roman', serif\"><span style=\"font-size: medium\"><span style=\"color: #222222\"><b>&#8211; sviamento di potere; <\/b><\/span><\/span><\/span><\/p>\n<p align=\"JUSTIFY\"><span style=\"font-family: 'Times New Roman', serif\"><span style=\"font-size: medium\"><span style=\"color: #222222\"><b>&#8211; contraddittoriet\u00e0;<\/b><\/span><\/span><\/span><\/p>\n<p align=\"JUSTIFY\"><span style=\"font-family: 'Times New Roman', serif\"><span style=\"font-size: medium\"><span style=\"color: #222222\"><b>&#8211; difetto di motivazione;<\/b><\/span><\/span><\/span><\/p>\n<p align=\"JUSTIFY\"><span style=\"font-family: 'Times New Roman', serif\"><span style=\"font-size: medium\"><span style=\"color: #222222\"><b>&#8211; disparit\u00e0 di trattamento<\/b><\/span><\/span><\/span><\/p>\n<p align=\"JUSTIFY\"><span style=\"font-family: 'Times New Roman', serif\"><span style=\"font-size: medium\"><span style=\"color: #222222\"><b>2) Violazione di legge.<\/b><\/span><\/span><\/span><\/p>\n<p align=\"JUSTIFY\"><span style=\"font-family: 'Times New Roman', serif\"><span style=\"font-size: medium\"><span style=\"color: #222222\">Ricordiamo al Sindaco che il terreno del Campo di Aviazione ottenuto gratuitamente dal Demanio \u00e8 classificato come patrimonio INDISPONIBILE del Comune, proprio in ragione delle finalit\u00e0 pubbliche a cui l\u2019area \u00e8 destinata, e che pertanto l&#8217;assessora Cecchetelli avrebbe potuto pi\u00f9 opportunamente accontentare il proprio bacino elettorale mettendo a disposizione uno dei tanti terreni di propriet\u00e0 comunale senza vincoli, come tra l&#8217;altro \u00e8 gi\u00e0 stato fatto dalla precedente giunta per un appezzamento di terreno di diversi ettari a Torrette di Fano. <\/span><\/span><\/span><\/p>\n<p align=\"JUSTIFY\"><span style=\"font-family: 'Times New Roman', serif\"><span style=\"font-size: medium\"><span style=\"color: #222222\">Chiediamo quindi ancora una volta al Sindaco di farsi garante dei temi della giustizia, della partecipazione e della trasparenza ritirando l&#8217;atto impugnato.<\/span><\/span><\/span><\/p>\n<p align=\"JUSTIFY\"><a name=\"_GoBack\"><\/a> <span style=\"font-family: 'Times New Roman', serif\"><span style=\"font-size: medium\">Chiediamo infine al Sindaco di interdire all&#8217;attivit\u00e0 venatoria, per ragioni di pubblica incolumit\u00e0, tutta l&#8217;area del campo d&#8217;aviazione di Fano, a partire dalla prossima stagione venatoria 2016\/2017.<\/span><\/span><\/p>\n<p align=\"JUSTIFY\"><span style=\"font-family: 'Times New Roman', serif\"><span style=\"font-size: medium\"><span style=\"color: #222222\"><b>ANPANA SEZ. PESARO-URBINO <\/b><\/span><\/span><\/span><\/p>\n<p align=\"JUSTIFY\"><span style=\"font-family: 'Times New Roman', serif\"><span style=\"font-size: medium\"><span style=\"color: #222222\"><b>LA LUPUS IN FABULA <\/b><\/span><\/span><\/span><\/p>\n<p align=\"JUSTIFY\">\n<span style=\"font-family: 'Times New Roman', serif\"><span style=\"font-size: medium\"><span style=\"color: #222222\">Fano, 26 giugno 2016<\/span><\/span><\/span><\/p>\n","protected":false},"excerpt":{"rendered":"<p>Le associazioni ambientaliste LA LUPUS IN FABULA e ANPANA comunicano alla cittadinanza di aver impugnato avanti al Capo dello Stato la Delibera di Giunta Comunale n. 50\/2016 e la consequenziale [&hellip;]<\/p>\n","protected":false},"author":7,"featured_media":0,"comment_status":"closed","ping_status":"closed","sticky":false,"template":"","format":"standard","meta":{"ngg_post_thumbnail":0,"footnotes":""},"categories":[11],"tags":[],"class_list":["post-5232","post","type-post","status-publish","format-standard","hentry","category-caccia"],"_links":{"self":[{"href":"https:\/\/www.lalupusinfabula.it\/index.php?rest_route=\/wp\/v2\/posts\/5232","targetHints":{"allow":["GET"]}}],"collection":[{"href":"https:\/\/www.lalupusinfabula.it\/index.php?rest_route=\/wp\/v2\/posts"}],"about":[{"href":"https:\/\/www.lalupusinfabula.it\/index.php?rest_route=\/wp\/v2\/types\/post"}],"author":[{"embeddable":true,"href":"https:\/\/www.lalupusinfabula.it\/index.php?rest_route=\/wp\/v2\/users\/7"}],"replies":[{"embeddable":true,"href":"https:\/\/www.lalupusinfabula.it\/index.php?rest_route=%2Fwp%2Fv2%2Fcomments&post=5232"}],"version-history":[{"count":1,"href":"https:\/\/www.lalupusinfabula.it\/index.php?rest_route=\/wp\/v2\/posts\/5232\/revisions"}],"predecessor-version":[{"id":5233,"href":"https:\/\/www.lalupusinfabula.it\/index.php?rest_route=\/wp\/v2\/posts\/5232\/revisions\/5233"}],"wp:attachment":[{"href":"https:\/\/www.lalupusinfabula.it\/index.php?rest_route=%2Fwp%2Fv2%2Fmedia&parent=5232"}],"wp:term":[{"taxonomy":"category","embeddable":true,"href":"https:\/\/www.lalupusinfabula.it\/index.php?rest_route=%2Fwp%2Fv2%2Fcategories&post=5232"},{"taxonomy":"post_tag","embeddable":true,"href":"https:\/\/www.lalupusinfabula.it\/index.php?rest_route=%2Fwp%2Fv2%2Ftags&post=5232"}],"curies":[{"name":"wp","href":"https:\/\/api.w.org\/{rel}","templated":true}]}}