{"id":4465,"date":"2015-10-02T13:00:02","date_gmt":"2015-10-02T12:00:02","guid":{"rendered":"http:\/\/www.lalupusinfabula.it\/?p=4465"},"modified":"2015-10-02T13:00:02","modified_gmt":"2015-10-02T12:00:02","slug":"piano-energetico-ambientale-regionale-pear-2020-il-contributo-di-sette-associazioni-ambientaliste-marchigiane","status":"publish","type":"post","link":"https:\/\/www.lalupusinfabula.it\/?p=4465","title":{"rendered":"Piano Energetico Ambientale Regionale (PEAR 2020): il contributo di sette Associazioni Ambientaliste Marchigiane"},"content":{"rendered":"<p>Le associazioni ambientaliste marchigiane sottoscriventi apprezzano la campagna di ascolto posta in essere dal nuovo assessore all\u2019Ambiente e all\u2019Energia, Servizio Infrastrutture, Trasporti ed Energia della Regione Marche e, per la sua chiarezza, apprezzano anche il documento presentato a luglio u.s. dall\u2019Assessorato.<\/p>\n<p>Si prende atto della triplice strategia proposta per perseguire l\u2019obiettivo del \u00abburden sharing\u00bb basata su:<\/p>\n<ul>\n<li>Incremento della produzione di energia elettrica da fonte rinnovabile;<\/li>\n<li>Incremento della produzione di energia termica da fonte rinnovabile;<\/li>\n<li>Riduzione dei consumi finali lordi di energia.<\/li>\n<\/ul>\n<p>La nostra opinione, rispetto al documento, \u00e8 che debba essere per\u00f2 <strong>spinto al massimo il risparmio energetico<\/strong> e questo \u00e8 il fattore che, diminuendo prepotentemente, pu\u00f2 gi\u00e0 di per s\u00e9 permettere di elevare il contributo previsto nel 2020 da parte della nostra regione al raggiungimento del burden sharing, modificando al denominatore il rapporto (FER E + FER C)\/CFL.<\/p>\n<p>Per raggiungere questo obiettivo condividiamo la possibile strategia da perseguire per la riduzione dei consumi per settore, indicata nel documento fornito:<\/p>\n<p>\u201c-trasporti, attraverso azioni volte a favorire la mobilit\u00e0 pubblica e la mobilit\u00e0 elettrica\u201d e quindi politiche rivolte all\u2019efficientamento dei trasporti pubblici locali, anche mediante sinergie tra trasporti ferroviari e autobus, alla riapertura dei tratti ferroviari dismessi, al rilancio dei tratti depotenziati e soprattutto meno strade;<\/p>\n<p>&#8211;\u201cterziario e domestico, attraverso la riqualificazione energetica degli edifici (con priorit\u00e0 per le ristrutturazioni rispetto alle nuove edificazioni e per gli edifici pubblici) e dell\u2019illuminazione pubblica; in tali settori occorrer\u00e0, inoltre, incrementare lo standard di efficienza richiesto agli edifici ristrutturati, portandolo il pi\u00f9 possibile vicino alle nuove edificazioni\u201d e quindi priorit\u00e0 assoluta per le ristrutturazioni rispetto alle nuove edificazioni, riqualificazione energetica degli edifici sia pubblici che privati, efficientamento dell\u2019illuminazione pubblica;<\/p>\n<p>-industriale e agricolo, attraverso l\u2019efficientamento dei locali e dei processi\u201d.<\/p>\n<p>Riteniamo importante che nei vari settori si finanzino le tecnologie pi\u00f9 avanzate in continua evoluzione, quali ad esempio le tegole o coppi solari, le nuove forme degli impianti eolici, non pi\u00f9 a pala, di dimensioni contenute e con impatti ambientali minimi.<\/p>\n<p>Per quanto riguarda il potenziamento della produzione di energia elettrica da fonti rinnovabili, condividiamo alcune affermazioni contenute nel documento quali le seguenti:<\/p>\n<ul>\n<li>\u201cLa strategia potrebbe puntare a incentivare, nel settore terziario o\/e industriale, esclusivamente impianti fotovoltaici integrati agli edifici \u2013 alle pensiline fotovoltaiche a copertura dei parcheggi, delle fermate degli autobus e delle aree di ricarica delle auto\u201d<\/li>\n<li>La fonte \u00abbioenergie ha una potenzialit\u00e0 di crescita pi\u00f9 limitata e comunque legata ai piccoli o piccolissimi impianti a servizio dell\u2019attivit\u00e0 agricola e forestale e alla riconversione degli attuali impianti di trattamento della frazione organica di rifiuti e di fanghi di qualit\u00e0 da aerobico ad anaerobico\u201d.<\/li>\n<li>Per la fonte idroelettrica, non essendoci pi\u00f9 possibilit\u00e0 di espandere la grande derivazione, la potenzialit\u00e0 di sviluppo di tale fonte sar\u00e0, pertanto, limitata e si concentrer\u00e0 sui piccoli impianti.<\/li>\n<li>Per la fonte eolica condividiamo la opportunit\u00e0 di \u201cindividuare una strategia sostitutiva\u201d.<\/li>\n<\/ul>\n<p>Per quanto riguarda il potenziamento della produzione di energia termica da fonti rinnovabili riteniamo che debba essere potenziato la produzione da fonti solare termico, da pompe di calore quali quelle che sfruttano la geotermia, dall\u2019 idrotermia soprattutto per le localit\u00e0 costiere ed il biometano. Le associazioni non sono favorevoli agli impianti a biomassa che provocherebbero il consumo del patrimonio boschivo regionale e l\u2019utilizzo di processi di combustione perch\u00e9 inquinanti.<\/p>\n<p>Per la fonte idroelettrica, che sar\u00e0 limitata e si concentrer\u00e0 sui piccoli impianti, le associazioni evidenziano la necessit\u00e0 di salvaguardare, anche mediante controlli efficienti, il Deflusso Minimo Vitale dei corsi d\u2019acqua.<\/p>\n<p>Ci\u00f2 detto, a nostro parere, va redatto un regolamento di localizzazione che dovrebbe con chiarezza prevedere:<\/p>\n<p>-il divieto di localizzare impianti di pannelli solari sui suoli agricoli, nei centri e negli edifici storici, al fine di salvaguardare sia la produzione agricola che il patrimonio storico, artistico, architettonico e ambientale;<\/p>\n<p>-il divieto di localizzare impianti eolici nelle aree interne appenniniche\/collinari della nostra regione perch\u00e9 esse sono di valore paesaggistico elevato e spesso oggetto di tutela specifica diretta ed indiretta in base all\u2019art. 9 della Costituzione della Repubblica; questo rappresenta un valore assoluto, di interesse pubblico, ai fini della economia agricola, turistica e culturale del nostro sistema Paese.<\/p>\n<p>Quindi le previsioni di larga massima indicate nel documento preliminare PEAR, dovranno essere modificate, se si vuol tenere conto del nostro contributo, con una ben maggiore riduzione dei consumi e la previsione di aumento con le tecnologie da noi indicate.<\/p>\n<p>Infine, anche se l\u2019argomento esula dal P.E.A.R., non possiamo non ribadire la assoluta contrariet\u00e0 alle trivellazioni, previste dallo \u201cSblocca Italia\u201d, sia in terra che nel mare Adriatico, cos\u00ec come a qualsiasi inceneritore di rifiuti previsto sul territorio marchigiano e al gasdotto Brindisi Minerbio che tocca pure alcuni comuni delle nostre Marche.<\/p>\n<p>A tal fine chiediamo che il ricorso davanti alla Corte Costituzionale sia portato alle estreme conseguenze, contro l\u2019esproprio dei diritti dei cittadini a decidere dell\u2019assetto del proprio territorio.<\/p>\n<p>Ancona, 24 settembre 2015<\/p>\n<p><strong>CAI Marche, Forum Paesaggio Marche, Italia Nostra Marche, La lupus in Fabula, No Tubo Abruzzo Marche Umbria, Terra Mater, WWF Marche<\/strong><\/p>\n<p><a href=\"http:\/\/www.lalupusinfabula.it\/wp-content\/uploads\/2015\/10\/PRESENTAZIONE-CAMPAGNA-DI-ASCOLTO-PEAR-luglio-2015.pdf\" target=\"_blank\">Per approfondimenti, leggi qui la presentazione della campagna di ascolto PEAR della regione Marche<\/a><\/p>\n","protected":false},"excerpt":{"rendered":"<p>Le associazioni ambientaliste marchigiane sottoscriventi apprezzano la campagna di ascolto posta in essere dal nuovo assessore all\u2019Ambiente e all\u2019Energia, Servizio Infrastrutture, Trasporti ed Energia della Regione Marche e, per la [&hellip;]<\/p>\n","protected":false},"author":12,"featured_media":0,"comment_status":"closed","ping_status":"closed","sticky":false,"template":"","format":"standard","meta":{"ngg_post_thumbnail":0,"footnotes":""},"categories":[8],"tags":[],"class_list":["post-4465","post","type-post","status-publish","format-standard","hentry","category-energia-e-rifiuti"],"_links":{"self":[{"href":"https:\/\/www.lalupusinfabula.it\/index.php?rest_route=\/wp\/v2\/posts\/4465","targetHints":{"allow":["GET"]}}],"collection":[{"href":"https:\/\/www.lalupusinfabula.it\/index.php?rest_route=\/wp\/v2\/posts"}],"about":[{"href":"https:\/\/www.lalupusinfabula.it\/index.php?rest_route=\/wp\/v2\/types\/post"}],"author":[{"embeddable":true,"href":"https:\/\/www.lalupusinfabula.it\/index.php?rest_route=\/wp\/v2\/users\/12"}],"replies":[{"embeddable":true,"href":"https:\/\/www.lalupusinfabula.it\/index.php?rest_route=%2Fwp%2Fv2%2Fcomments&post=4465"}],"version-history":[{"count":1,"href":"https:\/\/www.lalupusinfabula.it\/index.php?rest_route=\/wp\/v2\/posts\/4465\/revisions"}],"predecessor-version":[{"id":4467,"href":"https:\/\/www.lalupusinfabula.it\/index.php?rest_route=\/wp\/v2\/posts\/4465\/revisions\/4467"}],"wp:attachment":[{"href":"https:\/\/www.lalupusinfabula.it\/index.php?rest_route=%2Fwp%2Fv2%2Fmedia&parent=4465"}],"wp:term":[{"taxonomy":"category","embeddable":true,"href":"https:\/\/www.lalupusinfabula.it\/index.php?rest_route=%2Fwp%2Fv2%2Fcategories&post=4465"},{"taxonomy":"post_tag","embeddable":true,"href":"https:\/\/www.lalupusinfabula.it\/index.php?rest_route=%2Fwp%2Fv2%2Ftags&post=4465"}],"curies":[{"name":"wp","href":"https:\/\/api.w.org\/{rel}","templated":true}]}}