{"id":2945,"date":"2013-04-14T22:01:52","date_gmt":"2013-04-14T21:01:52","guid":{"rendered":"http:\/\/www.lalupusinfabula.it\/?p=2945"},"modified":"2013-04-14T22:01:57","modified_gmt":"2013-04-14T21:01:57","slug":"fano-lassessore-silvestri-e-i-camper","status":"publish","type":"post","link":"https:\/\/www.lalupusinfabula.it\/?p=2945","title":{"rendered":"Fano: l&#8217;assessore Silvestri e i camper"},"content":{"rendered":"<p>&nbsp;<\/p>\n<p class=\"MsoNormal\" style=\"text-align: center\" align=\"center\"><strong><span style=\"font-size: 12pt;font-family: Arial\">Comunicato stampa<\/span><\/strong><\/p>\n<p class=\"MsoNormal\"><span style=\"font-size: 12.0pt\">E\u2019 come Cimabue, ne fa una e ne sbaglia due.<\/span><\/p>\n<p class=\"MsoNormal\"><span style=\"font-size: 12.0pt\">L\u2019assessore <strong>Michele Silvestri<\/strong> ha partorito un\u2019altra delle sue strampalate iniziative, che di certo non migliorer\u00e0 la drammatica situazione della mobilit\u00e0 fanese, ma forse gli permetter\u00e0 di<span>\u00a0 <\/span>raggranellare qualche voto alle prossime elezioni amministrative. Accogliendo una richiesta della locale associazione \u201cCamping Club Fano\u201d ha tolto il divieto di sosta per i camper da Viale Battisti, Viale Colombo e dal parcheggio di Via Vanvitelli. La motivazione? Favorire la sosta degli amanti del turismo \u201cplein air\u201d nelle zone adiacenti il mare anche nel periodo invernale, perch\u00e9 \u00e8 noto che i camperisti fanno il bagno anche d\u2019inverno!!! A parte l\u2019ironia, Silvestri pensa che basta togliere un divieto e tutto si risolve, come se i camper potessero facilmente sostare negli medesimi stalli disegnati per le auto. <\/span><\/p>\n<p class=\"MsoNormal\"><span style=\"font-size: 12.0pt\">Infatti in mancanza di una segnaletica orizzontale appropriata, occupando il doppio dello spazio rispetto ad una normale autovettura, i camperisti rischiano di incorrere nella multa prevista per chi parcheggia al di fuori delle strisce. Ma forse il problema non esiste perch\u00e9 l\u2019amministrazione fanese ha dichiarato guerra alle multe. Comunque sia il provvedimento \u00e8 assurdo, anche perch\u00e9 la vera area di sosta attrezzata per i camper dista pochi metri dal centro storico a differenza di altre citt\u00e0 dove spesso sono in periferia. Poich\u00e9 notoriamente tutti i camperisti sono attrezzati con le biciclette e sono abituati a servirsi dei mezzi pubblici, sarebbe molto meglio che l\u2019assessore pensasse a realizzare qualche pista ciclabile o camminamento protetto, e a favorire la rapidit\u00e0 del trasporto pubblico con corsie preferenziali, oppure a rendere pi\u00f9 funzionale il parcheggio che offre ai camperisti nient\u2019altro che un pozzetto in cui scaricare le acque scure; da diversi mesi \u00e8 addirittura scomparsa il la manopola dell\u2019unico rubinetto dell\u2019acqua.<\/span><\/p>\n<p class=\"MsoNormal\"><span style=\"font-size: 12.0pt\">\u00a0Fano, 10\/04\/2013<\/span><\/p>\n<p class=\"MsoNormal\"><strong><span style=\"font-size: 12.0pt\">La Lupus in Fabula<\/span><\/strong><\/p>\n<p class=\"MsoNormal\"><span style=\"font-size: 12.0pt\">Il V. presidente<\/span><\/p>\n<p class=\"MsoNormal\"><span style=\"font-size: 12.0pt\">Claudio Orazi<\/span><\/p>\n","protected":false},"excerpt":{"rendered":"<p>&nbsp; Comunicato stampa E\u2019 come Cimabue, ne fa una e ne sbaglia due. L\u2019assessore Michele Silvestri ha partorito un\u2019altra delle sue strampalate iniziative, che di certo non migliorer\u00e0 la drammatica [&hellip;]<\/p>\n","protected":false},"author":2,"featured_media":0,"comment_status":"closed","ping_status":"closed","sticky":false,"template":"","format":"standard","meta":{"ngg_post_thumbnail":0,"footnotes":""},"categories":[4],"tags":[],"class_list":["post-2945","post","type-post","status-publish","format-standard","hentry","category-sviluppo-sostenibile"],"_links":{"self":[{"href":"https:\/\/www.lalupusinfabula.it\/index.php?rest_route=\/wp\/v2\/posts\/2945","targetHints":{"allow":["GET"]}}],"collection":[{"href":"https:\/\/www.lalupusinfabula.it\/index.php?rest_route=\/wp\/v2\/posts"}],"about":[{"href":"https:\/\/www.lalupusinfabula.it\/index.php?rest_route=\/wp\/v2\/types\/post"}],"author":[{"embeddable":true,"href":"https:\/\/www.lalupusinfabula.it\/index.php?rest_route=\/wp\/v2\/users\/2"}],"replies":[{"embeddable":true,"href":"https:\/\/www.lalupusinfabula.it\/index.php?rest_route=%2Fwp%2Fv2%2Fcomments&post=2945"}],"version-history":[{"count":2,"href":"https:\/\/www.lalupusinfabula.it\/index.php?rest_route=\/wp\/v2\/posts\/2945\/revisions"}],"predecessor-version":[{"id":2947,"href":"https:\/\/www.lalupusinfabula.it\/index.php?rest_route=\/wp\/v2\/posts\/2945\/revisions\/2947"}],"wp:attachment":[{"href":"https:\/\/www.lalupusinfabula.it\/index.php?rest_route=%2Fwp%2Fv2%2Fmedia&parent=2945"}],"wp:term":[{"taxonomy":"category","embeddable":true,"href":"https:\/\/www.lalupusinfabula.it\/index.php?rest_route=%2Fwp%2Fv2%2Fcategories&post=2945"},{"taxonomy":"post_tag","embeddable":true,"href":"https:\/\/www.lalupusinfabula.it\/index.php?rest_route=%2Fwp%2Fv2%2Ftags&post=2945"}],"curies":[{"name":"wp","href":"https:\/\/api.w.org\/{rel}","templated":true}]}}